{"id":1020,"date":"2020-06-27T09:39:20","date_gmt":"2020-06-27T12:39:20","guid":{"rendered":"https:\/\/slz612.com.br\/?p=1020"},"modified":"2020-06-27T09:39:20","modified_gmt":"2020-06-27T12:39:20","slug":"cantor-famoso-da-musica-brasileira-detona-governo-bolsonaro","status":"publish","type":"post","link":"https:\/\/slz612.com.br\/index.php\/2020\/06\/27\/cantor-famoso-da-musica-brasileira-detona-governo-bolsonaro\/","title":{"rendered":"Cantor famoso da musica brasileira detona governo Bolsonaro"},"content":{"rendered":"<div id=\"attachment_1021\" style=\"width: 260px\" class=\"wp-caption aligncenter\"><img aria-describedby=\"caption-attachment-1021\" loading=\"lazy\" class=\"size-full wp-image-1021\" src=\"https:\/\/slz612.com.br\/wp-content\/uploads\/2020\/06\/milton_nascimento_c_joao_couto.jpg__250x240_q85_crop-smart_cropper-booking_detail-_subsampling-2.jpg\" alt=\"\" width=\"250\" height=\"240\" \/><p id=\"caption-attachment-1021\" class=\"wp-caption-text\">Milton Nascimento v\u00ea retrocesso no Brasil atual<\/p><\/div>\n<p>O cantor e compositor Milton Nascimento, um dos nomes mais importante da m\u00fasica no Brasil e no mundo, concedeu\u00a0entrevista\u00a0ao jornalista Renato Vieira, publicada no jornal Estado de S. Paulo, em que falou sobre pol\u00edtica e quest\u00f5es raciais. &#8220;O Brasil vive hoje um colapso. Todos os estudos cient\u00edficos s\u00e3o completamente ignorados. A ci\u00eancia \u00e9 ignorada. E \u00e9 ignorada justamente por quem deveria nos orientar. Temos um governo que n\u00e3o confia na ci\u00eancia e isso \u00e9 absurdo. Tenho dito isso em v\u00e1rias entrevistas: voltamos \u00e0 idade m\u00e9dia. A trag\u00e9dia s\u00f3 aumenta, o abandono \u00e9 geral. O panorama \u00e9 de terror&#8221;, disse ele.<\/p>\n<p>Milton tamb\u00e9m falou sobre os protestos nos Estados Unidos e no mundo ap\u00f3s o assassinato de George Floyd. &#8220;\u00c9 a nossa for\u00e7a que t\u00e1 a\u00ed, eles acharam que passaria assim, sem nada, se enganaram. Agora \u00e9 o seguinte, essa nossa uni\u00e3o precisa continuar. A hora \u00e9 agora. Na Missa dos Quilombos, tem uma coisa que o dom Pedro Casald\u00e1liga falava, e que \u00e9 a melhor defini\u00e7\u00e3o deste momento: &#8216;Est\u00e1 na hora de cantar o Quilombo que vem vindo, est\u00e1 na hora de celebrar a Missa dos Quilombos, em rebelde esperan\u00e7a, com todos os negros da \u00c1frica, os afros da Am\u00e9rica, os negros do mundo, na alian\u00e7a com todos os pobres da Terra&#8217;\u201d, afirmou<\/p>\n<p>Fonte: brasil247.com.br<\/p>\n","protected":false},"excerpt":{"rendered":"<p>O cantor e compositor Milton Nascimento, um dos nomes mais importante da m\u00fasica no Brasil e no mundo, concedeu\u00a0entrevista\u00a0ao jornalista Renato Vieira, publicada no jornal Estado de S. Paulo, em que falou sobre pol\u00edtica e quest\u00f5es raciais. &#8220;O Brasil vive &hellip; <a href=\"https:\/\/slz612.com.br\/index.php\/2020\/06\/27\/cantor-famoso-da-musica-brasileira-detona-governo-bolsonaro\/\">Continue lendo <span class=\"meta-nav\">&rarr;<\/span><\/a><\/p>\n","protected":false},"author":1,"featured_media":0,"comment_status":"open","ping_status":"open","sticky":false,"template":"","format":"standard","meta":[],"categories":[1],"tags":[],"_links":{"self":[{"href":"https:\/\/slz612.com.br\/index.php\/wp-json\/wp\/v2\/posts\/1020"}],"collection":[{"href":"https:\/\/slz612.com.br\/index.php\/wp-json\/wp\/v2\/posts"}],"about":[{"href":"https:\/\/slz612.com.br\/index.php\/wp-json\/wp\/v2\/types\/post"}],"author":[{"embeddable":true,"href":"https:\/\/slz612.com.br\/index.php\/wp-json\/wp\/v2\/users\/1"}],"replies":[{"embeddable":true,"href":"https:\/\/slz612.com.br\/index.php\/wp-json\/wp\/v2\/comments?post=1020"}],"version-history":[{"count":1,"href":"https:\/\/slz612.com.br\/index.php\/wp-json\/wp\/v2\/posts\/1020\/revisions"}],"predecessor-version":[{"id":1022,"href":"https:\/\/slz612.com.br\/index.php\/wp-json\/wp\/v2\/posts\/1020\/revisions\/1022"}],"wp:attachment":[{"href":"https:\/\/slz612.com.br\/index.php\/wp-json\/wp\/v2\/media?parent=1020"}],"wp:term":[{"taxonomy":"category","embeddable":true,"href":"https:\/\/slz612.com.br\/index.php\/wp-json\/wp\/v2\/categories?post=1020"},{"taxonomy":"post_tag","embeddable":true,"href":"https:\/\/slz612.com.br\/index.php\/wp-json\/wp\/v2\/tags?post=1020"}],"curies":[{"name":"wp","href":"https:\/\/api.w.org\/{rel}","templated":true}]}}